{"id":2587,"date":"2020-10-27T15:38:12","date_gmt":"2020-10-27T14:38:12","guid":{"rendered":"https:\/\/lactalisfeed.fr\/lactalis-feed-sengage-dans-le-bio\/"},"modified":"2021-02-03T11:12:23","modified_gmt":"2021-02-03T10:12:23","slug":"lactalis-feed-sengage-dans-le-bio","status":"publish","type":"post","link":"https:\/\/www.lactalisfeed.fr\/de\/lactalis-feed-sengage-dans-le-bio\/","title":{"rendered":"Eurovo engagiert sich f\u00fcr BIO-Produkte"},"content":{"rendered":"\n<p>Die LACTALIS-Gruppe geh\u00f6rt zu den franz\u00f6sischen Marktf\u00fchrern bei der Sammlung von Kuhmilch aus bio-zertifizierter Landwirtschaft und ist f\u00fchrender Verarbeiter in diesem Segment.<\/p>\n\n\n\n<p>LACTALIS FEED m\u00f6chte daher die auf diesem Gebiet t\u00e4tigen Z\u00fcchter mit einer Reihe von zertifizierten Produkten begleiten, die den wirtschaftlichen und tierz\u00fcchterischen Herausforderungen der \u00f6kologischen Landwirtschaft gerecht werden. Die wichtigsten dieser Herausforderungen sind:<\/p>\n\n\n\n<ul class=\"wp-block-list\"><li>eine sehr fettreiche Vollmilch, die nicht unbedingt f\u00fcr die zum Herdenaustausch erfolgende Aufzucht von F\u00e4rsen geeignet ist, die im Alter von 24 Monaten kalben sollen;<\/li><li>eine nicht die Marktnachfrage abdeckende Milchproduktion. Die erzeugte Milch kann daher eher durch das Milchgesch\u00e4ft als durch die Aufzucht von F\u00e4rsen verwertet werden.<\/li><\/ul>\n\n\n\n<div class=\"wp-block-image\"><figure class=\"alignleft size-large is-resized\"><img loading=\"lazy\" decoding=\"async\" src=\"https:\/\/lactalisfeed.fr\/wp-content\/uploads\/2020\/11\/Insertion-presse-BIO-376x1024.jpg\" alt=\"\" class=\"wp-image-1816\" width=\"170\" height=\"463\" srcset=\"https:\/\/www.lactalisfeed.fr\/wp-content\/uploads\/2020\/11\/Insertion-presse-BIO-376x1024.jpg 376w, https:\/\/www.lactalisfeed.fr\/wp-content\/uploads\/2020\/11\/Insertion-presse-BIO-110x300.jpg 110w, https:\/\/www.lactalisfeed.fr\/wp-content\/uploads\/2020\/11\/Insertion-presse-BIO-768x2093.jpg 768w, https:\/\/www.lactalisfeed.fr\/wp-content\/uploads\/2020\/11\/Insertion-presse-BIO-564x1536.jpg 564w, https:\/\/www.lactalisfeed.fr\/wp-content\/uploads\/2020\/11\/Insertion-presse-BIO-751x2048.jpg 751w, https:\/\/www.lactalisfeed.fr\/wp-content\/uploads\/2020\/11\/Insertion-presse-BIO-scaled.jpg 939w\" sizes=\"auto, (max-width: 170px) 100vw, 170px\" \/><\/figure><\/div>\n\n\n\n<p>Unter Einhaltung der entsprechenden Spezifikationen bietet LACTALIS FEED die folgenden Produkte an:<br>\u2022 <strong>EUROVO DUOMILK BIO: <\/strong>Ein die Vollmilch erg\u00e4nzendes Futtermittel zur Aufzucht von F\u00e4rsen<br>\u2022 <strong>EUROVO PRESTI BIO<\/strong>: Ein Erg\u00e4nzungsfuttermittel zur Aufzucht von F\u00e4rsen oder weiblichen Ziegenl\u00e4mmern, das dann zum Einsatz kommt, wenn die Verwendung von Muttermilch unm\u00f6glich ist.<\/p>\n","protected":false},"excerpt":{"rendered":"<p>Die LACTALIS-Gruppe geh\u00f6rt zu den franz\u00f6sischen Marktf\u00fchrern bei der Sammlung von Kuhmilch aus bio-zertifizierter Landwirtschaft und ist f\u00fchrender Verarbeiter in diesem Segment. LACTALIS FEED m\u00f6chte daher die auf diesem Gebiet t\u00e4tigen Z\u00fcchter mit einer Reihe von zertifizierten Produkten begleiten, die den wirtschaftlichen und tierz\u00fcchterischen Herausforderungen der \u00f6kologischen Landwirtschaft gerecht werden. Die wichtigsten dieser Herausforderungen sind: [&hellip;]<\/p>\n","protected":false},"author":2,"featured_media":1701,"comment_status":"open","ping_status":"open","sticky":false,"template":"","format":"standard","meta":{"_acf_changed":false,"footnotes":""},"categories":[49,52],"tags":[],"class_list":["post-2587","post","type-post","status-publish","format-standard","has-post-thumbnail","hentry","category-produkte","category-veranstaltungen"],"acf":[],"yoast_head":"<!-- This site is optimized with the Yoast SEO plugin v27.5 - https:\/\/yoast.com\/product\/yoast-seo-wordpress\/ -->\n<title>Eurovo engagiert sich f\u00fcr BIO-Produkte - Eurovo<\/title>\n<meta name=\"description\" content=\"LACTALIS FEED souhaite accompagner les \u00e9leveurs s\u2019inscrivant dans une d\u00e9marche d&#039;agriculture biologique en proposant une gamme de produits certifi\u00e9s permettant de r\u00e9pondre aux contraintes \u00e9conomiques et zootechniques de l\u2019agriculture biologique.\" \/>\n<meta name=\"robots\" content=\"index, follow, max-snippet:-1, max-image-preview:large, max-video-preview:-1\" \/>\n<link rel=\"canonical\" href=\"https:\/\/www.lactalisfeed.fr\/de\/lactalis-feed-sengage-dans-le-bio\/\" \/>\n<meta property=\"og:locale\" content=\"de_DE\" \/>\n<meta property=\"og:type\" content=\"article\" \/>\n<meta property=\"og:title\" content=\"Eurovo engagiert sich f\u00fcr BIO-Produkte - Eurovo\" \/>\n<meta property=\"og:description\" content=\"LACTALIS FEED souhaite accompagner les \u00e9leveurs s\u2019inscrivant dans une d\u00e9marche d&#039;agriculture biologique en proposant une gamme de produits certifi\u00e9s permettant de r\u00e9pondre aux contraintes \u00e9conomiques et zootechniques de l\u2019agriculture biologique.\" \/>\n<meta property=\"og:url\" content=\"https:\/\/www.lactalisfeed.fr\/de\/lactalis-feed-sengage-dans-le-bio\/\" \/>\n<meta property=\"og:site_name\" content=\"Eurovo\" \/>\n<meta property=\"article:published_time\" content=\"2020-10-27T14:38:12+00:00\" \/>\n<meta property=\"article:modified_time\" content=\"2021-02-03T10:12:23+00:00\" \/>\n<meta property=\"og:image\" content=\"https:\/\/www.lactalisfeed.fr\/wp-content\/uploads\/2020\/10\/SingleCowGrazingInPastureSunrise.jpg.653x0_q80_crop-smart.jpg\" \/>\n\t<meta property=\"og:image:width\" content=\"653\" \/>\n\t<meta property=\"og:image:height\" content=\"436\" \/>\n\t<meta property=\"og:image:type\" content=\"image\/jpeg\" \/>\n<meta name=\"author\" content=\"Sofiane\" \/>\n<meta name=\"twitter:card\" content=\"summary_large_image\" \/>\n<meta name=\"twitter:label1\" content=\"Written by\" \/>\n\t<meta name=\"twitter:data1\" content=\"Sofiane\" \/>\n\t<meta name=\"twitter:label2\" content=\"Est. reading time\" \/>\n\t<meta name=\"twitter:data2\" content=\"1 minute\" \/>\n<script type=\"application\/ld+json\" class=\"yoast-schema-graph\">{\"@context\":\"https:\\\/\\\/schema.org\",\"@graph\":[{\"@type\":\"Article\",\"@id\":\"https:\\\/\\\/www.lactalisfeed.fr\\\/de\\\/lactalis-feed-sengage-dans-le-bio\\\/#article\",\"isPartOf\":{\"@id\":\"https:\\\/\\\/www.lactalisfeed.fr\\\/de\\\/lactalis-feed-sengage-dans-le-bio\\\/\"},\"author\":{\"name\":\"Sofiane\",\"@id\":\"https:\\\/\\\/www.lactalisfeed.fr\\\/de\\\/#\\\/schema\\\/person\\\/c3e2977d853f223eff81140c1071087f\"},\"headline\":\"Eurovo engagiert sich f\u00fcr BIO-Produkte\",\"datePublished\":\"2020-10-27T14:38:12+00:00\",\"dateModified\":\"2021-02-03T10:12:23+00:00\",\"mainEntityOfPage\":{\"@id\":\"https:\\\/\\\/www.lactalisfeed.fr\\\/de\\\/lactalis-feed-sengage-dans-le-bio\\\/\"},\"wordCount\":174,\"commentCount\":0,\"image\":{\"@id\":\"https:\\\/\\\/www.lactalisfeed.fr\\\/de\\\/lactalis-feed-sengage-dans-le-bio\\\/#primaryimage\"},\"thumbnailUrl\":\"https:\\\/\\\/www.lactalisfeed.fr\\\/wp-content\\\/uploads\\\/2020\\\/10\\\/SingleCowGrazingInPastureSunrise.jpg.653x0_q80_crop-smart.jpg\",\"articleSection\":[\"Produkte\",\"Veranstaltungen\"],\"inLanguage\":\"de-DE\",\"potentialAction\":[{\"@type\":\"CommentAction\",\"name\":\"Comment\",\"target\":[\"https:\\\/\\\/www.lactalisfeed.fr\\\/de\\\/lactalis-feed-sengage-dans-le-bio\\\/#respond\"]}]},{\"@type\":\"WebPage\",\"@id\":\"https:\\\/\\\/www.lactalisfeed.fr\\\/de\\\/lactalis-feed-sengage-dans-le-bio\\\/\",\"url\":\"https:\\\/\\\/www.lactalisfeed.fr\\\/de\\\/lactalis-feed-sengage-dans-le-bio\\\/\",\"name\":\"Eurovo engagiert sich f\u00fcr BIO-Produkte - Eurovo\",\"isPartOf\":{\"@id\":\"https:\\\/\\\/www.lactalisfeed.fr\\\/de\\\/#website\"},\"primaryImageOfPage\":{\"@id\":\"https:\\\/\\\/www.lactalisfeed.fr\\\/de\\\/lactalis-feed-sengage-dans-le-bio\\\/#primaryimage\"},\"image\":{\"@id\":\"https:\\\/\\\/www.lactalisfeed.fr\\\/de\\\/lactalis-feed-sengage-dans-le-bio\\\/#primaryimage\"},\"thumbnailUrl\":\"https:\\\/\\\/www.lactalisfeed.fr\\\/wp-content\\\/uploads\\\/2020\\\/10\\\/SingleCowGrazingInPastureSunrise.jpg.653x0_q80_crop-smart.jpg\",\"datePublished\":\"2020-10-27T14:38:12+00:00\",\"dateModified\":\"2021-02-03T10:12:23+00:00\",\"author\":{\"@id\":\"https:\\\/\\\/www.lactalisfeed.fr\\\/de\\\/#\\\/schema\\\/person\\\/c3e2977d853f223eff81140c1071087f\"},\"description\":\"LACTALIS FEED souhaite accompagner les \u00e9leveurs s\u2019inscrivant dans une d\u00e9marche d'agriculture biologique en proposant une gamme de produits certifi\u00e9s permettant de r\u00e9pondre aux contraintes \u00e9conomiques et zootechniques de l\u2019agriculture biologique.\",\"breadcrumb\":{\"@id\":\"https:\\\/\\\/www.lactalisfeed.fr\\\/de\\\/lactalis-feed-sengage-dans-le-bio\\\/#breadcrumb\"},\"inLanguage\":\"de-DE\",\"potentialAction\":[{\"@type\":\"ReadAction\",\"target\":[\"https:\\\/\\\/www.lactalisfeed.fr\\\/de\\\/lactalis-feed-sengage-dans-le-bio\\\/\"]}]},{\"@type\":\"ImageObject\",\"inLanguage\":\"de-DE\",\"@id\":\"https:\\\/\\\/www.lactalisfeed.fr\\\/de\\\/lactalis-feed-sengage-dans-le-bio\\\/#primaryimage\",\"url\":\"https:\\\/\\\/www.lactalisfeed.fr\\\/wp-content\\\/uploads\\\/2020\\\/10\\\/SingleCowGrazingInPastureSunrise.jpg.653x0_q80_crop-smart.jpg\",\"contentUrl\":\"https:\\\/\\\/www.lactalisfeed.fr\\\/wp-content\\\/uploads\\\/2020\\\/10\\\/SingleCowGrazingInPastureSunrise.jpg.653x0_q80_crop-smart.jpg\",\"width\":653,\"height\":436,\"caption\":\"Lactalis FEED bio\"},{\"@type\":\"BreadcrumbList\",\"@id\":\"https:\\\/\\\/www.lactalisfeed.fr\\\/de\\\/lactalis-feed-sengage-dans-le-bio\\\/#breadcrumb\",\"itemListElement\":[{\"@type\":\"ListItem\",\"position\":1,\"name\":\"Accueil\",\"item\":\"https:\\\/\\\/www.lactalisfeed.fr\\\/de\\\/\"},{\"@type\":\"ListItem\",\"position\":2,\"name\":\"Eurovo engagiert sich f\u00fcr BIO-Produkte\"}]},{\"@type\":\"WebSite\",\"@id\":\"https:\\\/\\\/www.lactalisfeed.fr\\\/de\\\/#website\",\"url\":\"https:\\\/\\\/www.lactalisfeed.fr\\\/de\\\/\",\"name\":\"Eurovo\",\"description\":\"Nourrir votre croissance\",\"potentialAction\":[{\"@type\":\"SearchAction\",\"target\":{\"@type\":\"EntryPoint\",\"urlTemplate\":\"https:\\\/\\\/www.lactalisfeed.fr\\\/de\\\/?s={search_term_string}\"},\"query-input\":{\"@type\":\"PropertyValueSpecification\",\"valueRequired\":true,\"valueName\":\"search_term_string\"}}],\"inLanguage\":\"de-DE\"},{\"@type\":\"Person\",\"@id\":\"https:\\\/\\\/www.lactalisfeed.fr\\\/de\\\/#\\\/schema\\\/person\\\/c3e2977d853f223eff81140c1071087f\",\"name\":\"Sofiane\",\"image\":{\"@type\":\"ImageObject\",\"inLanguage\":\"de-DE\",\"@id\":\"https:\\\/\\\/secure.gravatar.com\\\/avatar\\\/fbccac68d3f190942e1be5d43720a62f634adcebea523aa5189d5bc066f364a3?s=96&d=mm&r=g\",\"url\":\"https:\\\/\\\/secure.gravatar.com\\\/avatar\\\/fbccac68d3f190942e1be5d43720a62f634adcebea523aa5189d5bc066f364a3?s=96&d=mm&r=g\",\"contentUrl\":\"https:\\\/\\\/secure.gravatar.com\\\/avatar\\\/fbccac68d3f190942e1be5d43720a62f634adcebea523aa5189d5bc066f364a3?s=96&d=mm&r=g\",\"caption\":\"Sofiane\"},\"url\":\"https:\\\/\\\/www.lactalisfeed.fr\\\/de\\\/author\\\/s-mahoic\\\/\"}]}<\/script>\n<!-- \/ Yoast SEO plugin. -->","yoast_head_json":{"title":"Eurovo engagiert sich f\u00fcr BIO-Produkte - Eurovo","description":"LACTALIS FEED souhaite accompagner les \u00e9leveurs s\u2019inscrivant dans une d\u00e9marche d'agriculture biologique en proposant une gamme de produits certifi\u00e9s permettant de r\u00e9pondre aux contraintes \u00e9conomiques et zootechniques de l\u2019agriculture biologique.","robots":{"index":"index","follow":"follow","max-snippet":"max-snippet:-1","max-image-preview":"max-image-preview:large","max-video-preview":"max-video-preview:-1"},"canonical":"https:\/\/www.lactalisfeed.fr\/de\/lactalis-feed-sengage-dans-le-bio\/","og_locale":"de_DE","og_type":"article","og_title":"Eurovo engagiert sich f\u00fcr BIO-Produkte - Eurovo","og_description":"LACTALIS FEED souhaite accompagner les \u00e9leveurs s\u2019inscrivant dans une d\u00e9marche d'agriculture biologique en proposant une gamme de produits certifi\u00e9s permettant de r\u00e9pondre aux contraintes \u00e9conomiques et zootechniques de l\u2019agriculture biologique.","og_url":"https:\/\/www.lactalisfeed.fr\/de\/lactalis-feed-sengage-dans-le-bio\/","og_site_name":"Eurovo","article_published_time":"2020-10-27T14:38:12+00:00","article_modified_time":"2021-02-03T10:12:23+00:00","og_image":[{"width":653,"height":436,"url":"https:\/\/www.lactalisfeed.fr\/wp-content\/uploads\/2020\/10\/SingleCowGrazingInPastureSunrise.jpg.653x0_q80_crop-smart.jpg","type":"image\/jpeg"}],"author":"Sofiane","twitter_card":"summary_large_image","twitter_misc":{"Written by":"Sofiane","Est. reading time":"1 minute"},"schema":{"@context":"https:\/\/schema.org","@graph":[{"@type":"Article","@id":"https:\/\/www.lactalisfeed.fr\/de\/lactalis-feed-sengage-dans-le-bio\/#article","isPartOf":{"@id":"https:\/\/www.lactalisfeed.fr\/de\/lactalis-feed-sengage-dans-le-bio\/"},"author":{"name":"Sofiane","@id":"https:\/\/www.lactalisfeed.fr\/de\/#\/schema\/person\/c3e2977d853f223eff81140c1071087f"},"headline":"Eurovo engagiert sich f\u00fcr BIO-Produkte","datePublished":"2020-10-27T14:38:12+00:00","dateModified":"2021-02-03T10:12:23+00:00","mainEntityOfPage":{"@id":"https:\/\/www.lactalisfeed.fr\/de\/lactalis-feed-sengage-dans-le-bio\/"},"wordCount":174,"commentCount":0,"image":{"@id":"https:\/\/www.lactalisfeed.fr\/de\/lactalis-feed-sengage-dans-le-bio\/#primaryimage"},"thumbnailUrl":"https:\/\/www.lactalisfeed.fr\/wp-content\/uploads\/2020\/10\/SingleCowGrazingInPastureSunrise.jpg.653x0_q80_crop-smart.jpg","articleSection":["Produkte","Veranstaltungen"],"inLanguage":"de-DE","potentialAction":[{"@type":"CommentAction","name":"Comment","target":["https:\/\/www.lactalisfeed.fr\/de\/lactalis-feed-sengage-dans-le-bio\/#respond"]}]},{"@type":"WebPage","@id":"https:\/\/www.lactalisfeed.fr\/de\/lactalis-feed-sengage-dans-le-bio\/","url":"https:\/\/www.lactalisfeed.fr\/de\/lactalis-feed-sengage-dans-le-bio\/","name":"Eurovo engagiert sich f\u00fcr BIO-Produkte - Eurovo","isPartOf":{"@id":"https:\/\/www.lactalisfeed.fr\/de\/#website"},"primaryImageOfPage":{"@id":"https:\/\/www.lactalisfeed.fr\/de\/lactalis-feed-sengage-dans-le-bio\/#primaryimage"},"image":{"@id":"https:\/\/www.lactalisfeed.fr\/de\/lactalis-feed-sengage-dans-le-bio\/#primaryimage"},"thumbnailUrl":"https:\/\/www.lactalisfeed.fr\/wp-content\/uploads\/2020\/10\/SingleCowGrazingInPastureSunrise.jpg.653x0_q80_crop-smart.jpg","datePublished":"2020-10-27T14:38:12+00:00","dateModified":"2021-02-03T10:12:23+00:00","author":{"@id":"https:\/\/www.lactalisfeed.fr\/de\/#\/schema\/person\/c3e2977d853f223eff81140c1071087f"},"description":"LACTALIS FEED souhaite accompagner les \u00e9leveurs s\u2019inscrivant dans une d\u00e9marche d'agriculture biologique en proposant une gamme de produits certifi\u00e9s permettant de r\u00e9pondre aux contraintes \u00e9conomiques et zootechniques de l\u2019agriculture biologique.","breadcrumb":{"@id":"https:\/\/www.lactalisfeed.fr\/de\/lactalis-feed-sengage-dans-le-bio\/#breadcrumb"},"inLanguage":"de-DE","potentialAction":[{"@type":"ReadAction","target":["https:\/\/www.lactalisfeed.fr\/de\/lactalis-feed-sengage-dans-le-bio\/"]}]},{"@type":"ImageObject","inLanguage":"de-DE","@id":"https:\/\/www.lactalisfeed.fr\/de\/lactalis-feed-sengage-dans-le-bio\/#primaryimage","url":"https:\/\/www.lactalisfeed.fr\/wp-content\/uploads\/2020\/10\/SingleCowGrazingInPastureSunrise.jpg.653x0_q80_crop-smart.jpg","contentUrl":"https:\/\/www.lactalisfeed.fr\/wp-content\/uploads\/2020\/10\/SingleCowGrazingInPastureSunrise.jpg.653x0_q80_crop-smart.jpg","width":653,"height":436,"caption":"Lactalis FEED bio"},{"@type":"BreadcrumbList","@id":"https:\/\/www.lactalisfeed.fr\/de\/lactalis-feed-sengage-dans-le-bio\/#breadcrumb","itemListElement":[{"@type":"ListItem","position":1,"name":"Accueil","item":"https:\/\/www.lactalisfeed.fr\/de\/"},{"@type":"ListItem","position":2,"name":"Eurovo engagiert sich f\u00fcr BIO-Produkte"}]},{"@type":"WebSite","@id":"https:\/\/www.lactalisfeed.fr\/de\/#website","url":"https:\/\/www.lactalisfeed.fr\/de\/","name":"Eurovo","description":"Nourrir votre croissance","potentialAction":[{"@type":"SearchAction","target":{"@type":"EntryPoint","urlTemplate":"https:\/\/www.lactalisfeed.fr\/de\/?s={search_term_string}"},"query-input":{"@type":"PropertyValueSpecification","valueRequired":true,"valueName":"search_term_string"}}],"inLanguage":"de-DE"},{"@type":"Person","@id":"https:\/\/www.lactalisfeed.fr\/de\/#\/schema\/person\/c3e2977d853f223eff81140c1071087f","name":"Sofiane","image":{"@type":"ImageObject","inLanguage":"de-DE","@id":"https:\/\/secure.gravatar.com\/avatar\/fbccac68d3f190942e1be5d43720a62f634adcebea523aa5189d5bc066f364a3?s=96&d=mm&r=g","url":"https:\/\/secure.gravatar.com\/avatar\/fbccac68d3f190942e1be5d43720a62f634adcebea523aa5189d5bc066f364a3?s=96&d=mm&r=g","contentUrl":"https:\/\/secure.gravatar.com\/avatar\/fbccac68d3f190942e1be5d43720a62f634adcebea523aa5189d5bc066f364a3?s=96&d=mm&r=g","caption":"Sofiane"},"url":"https:\/\/www.lactalisfeed.fr\/de\/author\/s-mahoic\/"}]}},"_links":{"self":[{"href":"https:\/\/www.lactalisfeed.fr\/de\/wp-json\/wp\/v2\/posts\/2587","targetHints":{"allow":["GET"]}}],"collection":[{"href":"https:\/\/www.lactalisfeed.fr\/de\/wp-json\/wp\/v2\/posts"}],"about":[{"href":"https:\/\/www.lactalisfeed.fr\/de\/wp-json\/wp\/v2\/types\/post"}],"author":[{"embeddable":true,"href":"https:\/\/www.lactalisfeed.fr\/de\/wp-json\/wp\/v2\/users\/2"}],"replies":[{"embeddable":true,"href":"https:\/\/www.lactalisfeed.fr\/de\/wp-json\/wp\/v2\/comments?post=2587"}],"version-history":[{"count":1,"href":"https:\/\/www.lactalisfeed.fr\/de\/wp-json\/wp\/v2\/posts\/2587\/revisions"}],"predecessor-version":[{"id":2599,"href":"https:\/\/www.lactalisfeed.fr\/de\/wp-json\/wp\/v2\/posts\/2587\/revisions\/2599"}],"wp:featuredmedia":[{"embeddable":true,"href":"https:\/\/www.lactalisfeed.fr\/de\/wp-json\/wp\/v2\/media\/1701"}],"wp:attachment":[{"href":"https:\/\/www.lactalisfeed.fr\/de\/wp-json\/wp\/v2\/media?parent=2587"}],"wp:term":[{"taxonomy":"category","embeddable":true,"href":"https:\/\/www.lactalisfeed.fr\/de\/wp-json\/wp\/v2\/categories?post=2587"},{"taxonomy":"post_tag","embeddable":true,"href":"https:\/\/www.lactalisfeed.fr\/de\/wp-json\/wp\/v2\/tags?post=2587"}],"curies":[{"name":"wp","href":"https:\/\/api.w.org\/{rel}","templated":true}]}}