{"id":2583,"date":"2020-11-12T14:27:26","date_gmt":"2020-11-12T13:27:26","guid":{"rendered":"https:\/\/lactalisfeed.fr\/comment-allonger-la-duree-de-vie-productive-de-vos-vaches\/"},"modified":"2021-02-03T11:09:58","modified_gmt":"2021-02-03T10:09:58","slug":"comment-allonger-la-duree-de-vie-productive-de-vos-vaches","status":"publish","type":"post","link":"https:\/\/www.lactalisfeed.fr\/de\/comment-allonger-la-duree-de-vie-productive-de-vos-vaches\/","title":{"rendered":"Wie Sie die produktive Lebenszeit Ihrer K\u00fche verl\u00e4ngern k\u00f6nnen"},"content":{"rendered":"\n<p>Bei der landwirtschaftlichen Erzeugergemeinschaft Gaec de Reilhac in Rouziers im franz\u00f6sischen Departement Cantal tr\u00e4gt das S\u00e4ugeprogramm \u201eLactapro-Mega\u201c dazu bei, dass fast 80 % der F\u00e4rsen im Alter von weniger als 24 Monaten kalben.<\/p>\n\n\n\n<div class=\"wp-block-file\"><a href=\"https:\/\/lactalisfeed.fr\/wp-content\/uploads\/2020\/11\/XXLAIT-Avril-2020-GAEC-DE-REILHAC.pdf\">XXLAIT : GAEC DE REILHAC &#8211; April 2020<\/a><a href=\"https:\/\/lactalisfeed.fr\/wp-content\/uploads\/2020\/11\/XXLAIT-Avril-2020-GAEC-DE-REILHAC.pdf\" class=\"wp-block-file__button\" download>T\u00e9l\u00e9charger<\/a><\/div>\n","protected":false},"excerpt":{"rendered":"<p>Bei der landwirtschaftlichen Erzeugergemeinschaft Gaec de Reilhac in Rouziers im franz\u00f6sischen Departement Cantal tr\u00e4gt das S\u00e4ugeprogramm \u201eLactapro-Mega\u201c dazu bei, dass fast 80 % der F\u00e4rsen im Alter von weniger als 24 Monaten kalben.<\/p>\n","protected":false},"author":2,"featured_media":1949,"comment_status":"open","ping_status":"open","sticky":false,"template":"","format":"standard","meta":{"_acf_changed":false,"footnotes":""},"categories":[49,50],"tags":[],"class_list":["post-2583","post","type-post","status-publish","format-standard","has-post-thumbnail","hentry","category-produkte","category-reportage-de-2"],"acf":[],"yoast_head":"<!-- This site is optimized with the Yoast SEO plugin v27.5 - https:\/\/yoast.com\/product\/yoast-seo-wordpress\/ -->\n<title>Wie Sie die produktive Lebenszeit Ihrer K\u00fche verl\u00e4ngern k\u00f6nnen - Eurovo<\/title>\n<meta name=\"description\" content=\"Comment allonger la dur\u00e9e de vie productive de vos vaches.\" \/>\n<meta name=\"robots\" content=\"index, follow, max-snippet:-1, max-image-preview:large, max-video-preview:-1\" \/>\n<link rel=\"canonical\" href=\"https:\/\/www.lactalisfeed.fr\/de\/comment-allonger-la-duree-de-vie-productive-de-vos-vaches\/\" \/>\n<meta property=\"og:locale\" content=\"de_DE\" \/>\n<meta property=\"og:type\" content=\"article\" \/>\n<meta property=\"og:title\" content=\"Wie Sie die produktive Lebenszeit Ihrer K\u00fche verl\u00e4ngern k\u00f6nnen - Eurovo\" \/>\n<meta property=\"og:description\" content=\"Comment allonger la dur\u00e9e de vie productive de vos vaches.\" \/>\n<meta property=\"og:url\" content=\"https:\/\/www.lactalisfeed.fr\/de\/comment-allonger-la-duree-de-vie-productive-de-vos-vaches\/\" \/>\n<meta property=\"og:site_name\" content=\"Eurovo\" \/>\n<meta property=\"article:published_time\" content=\"2020-11-12T13:27:26+00:00\" \/>\n<meta property=\"article:modified_time\" content=\"2021-02-03T10:09:58+00:00\" \/>\n<meta property=\"og:image\" content=\"https:\/\/www.lactalisfeed.fr\/wp-content\/uploads\/2020\/11\/GAEC-de-Reilhac.png\" \/>\n\t<meta property=\"og:image:width\" content=\"753\" \/>\n\t<meta property=\"og:image:height\" content=\"520\" \/>\n\t<meta property=\"og:image:type\" content=\"image\/png\" \/>\n<meta name=\"author\" content=\"Sofiane\" \/>\n<meta name=\"twitter:card\" content=\"summary_large_image\" \/>\n<meta name=\"twitter:label1\" content=\"Written by\" \/>\n\t<meta name=\"twitter:data1\" content=\"Sofiane\" \/>\n\t<meta name=\"twitter:label2\" content=\"Est. reading time\" \/>\n\t<meta name=\"twitter:data2\" content=\"1 minute\" \/>\n<script type=\"application\/ld+json\" class=\"yoast-schema-graph\">{\"@context\":\"https:\\\/\\\/schema.org\",\"@graph\":[{\"@type\":\"Article\",\"@id\":\"https:\\\/\\\/www.lactalisfeed.fr\\\/de\\\/comment-allonger-la-duree-de-vie-productive-de-vos-vaches\\\/#article\",\"isPartOf\":{\"@id\":\"https:\\\/\\\/www.lactalisfeed.fr\\\/de\\\/comment-allonger-la-duree-de-vie-productive-de-vos-vaches\\\/\"},\"author\":{\"name\":\"Sofiane\",\"@id\":\"https:\\\/\\\/www.lactalisfeed.fr\\\/de\\\/#\\\/schema\\\/person\\\/c3e2977d853f223eff81140c1071087f\"},\"headline\":\"Wie Sie die produktive Lebenszeit Ihrer K\u00fche verl\u00e4ngern k\u00f6nnen\",\"datePublished\":\"2020-11-12T13:27:26+00:00\",\"dateModified\":\"2021-02-03T10:09:58+00:00\",\"mainEntityOfPage\":{\"@id\":\"https:\\\/\\\/www.lactalisfeed.fr\\\/de\\\/comment-allonger-la-duree-de-vie-productive-de-vos-vaches\\\/\"},\"wordCount\":55,\"commentCount\":0,\"image\":{\"@id\":\"https:\\\/\\\/www.lactalisfeed.fr\\\/de\\\/comment-allonger-la-duree-de-vie-productive-de-vos-vaches\\\/#primaryimage\"},\"thumbnailUrl\":\"https:\\\/\\\/www.lactalisfeed.fr\\\/wp-content\\\/uploads\\\/2020\\\/11\\\/GAEC-de-Reilhac.png\",\"articleSection\":[\"Produkte\",\"Reportage\"],\"inLanguage\":\"de-DE\",\"potentialAction\":[{\"@type\":\"CommentAction\",\"name\":\"Comment\",\"target\":[\"https:\\\/\\\/www.lactalisfeed.fr\\\/de\\\/comment-allonger-la-duree-de-vie-productive-de-vos-vaches\\\/#respond\"]}]},{\"@type\":\"WebPage\",\"@id\":\"https:\\\/\\\/www.lactalisfeed.fr\\\/de\\\/comment-allonger-la-duree-de-vie-productive-de-vos-vaches\\\/\",\"url\":\"https:\\\/\\\/www.lactalisfeed.fr\\\/de\\\/comment-allonger-la-duree-de-vie-productive-de-vos-vaches\\\/\",\"name\":\"Wie Sie die produktive Lebenszeit Ihrer K\u00fche verl\u00e4ngern k\u00f6nnen - Eurovo\",\"isPartOf\":{\"@id\":\"https:\\\/\\\/www.lactalisfeed.fr\\\/de\\\/#website\"},\"primaryImageOfPage\":{\"@id\":\"https:\\\/\\\/www.lactalisfeed.fr\\\/de\\\/comment-allonger-la-duree-de-vie-productive-de-vos-vaches\\\/#primaryimage\"},\"image\":{\"@id\":\"https:\\\/\\\/www.lactalisfeed.fr\\\/de\\\/comment-allonger-la-duree-de-vie-productive-de-vos-vaches\\\/#primaryimage\"},\"thumbnailUrl\":\"https:\\\/\\\/www.lactalisfeed.fr\\\/wp-content\\\/uploads\\\/2020\\\/11\\\/GAEC-de-Reilhac.png\",\"datePublished\":\"2020-11-12T13:27:26+00:00\",\"dateModified\":\"2021-02-03T10:09:58+00:00\",\"author\":{\"@id\":\"https:\\\/\\\/www.lactalisfeed.fr\\\/de\\\/#\\\/schema\\\/person\\\/c3e2977d853f223eff81140c1071087f\"},\"description\":\"Comment allonger la dur\u00e9e de vie productive de vos vaches.\",\"breadcrumb\":{\"@id\":\"https:\\\/\\\/www.lactalisfeed.fr\\\/de\\\/comment-allonger-la-duree-de-vie-productive-de-vos-vaches\\\/#breadcrumb\"},\"inLanguage\":\"de-DE\",\"potentialAction\":[{\"@type\":\"ReadAction\",\"target\":[\"https:\\\/\\\/www.lactalisfeed.fr\\\/de\\\/comment-allonger-la-duree-de-vie-productive-de-vos-vaches\\\/\"]}]},{\"@type\":\"ImageObject\",\"inLanguage\":\"de-DE\",\"@id\":\"https:\\\/\\\/www.lactalisfeed.fr\\\/de\\\/comment-allonger-la-duree-de-vie-productive-de-vos-vaches\\\/#primaryimage\",\"url\":\"https:\\\/\\\/www.lactalisfeed.fr\\\/wp-content\\\/uploads\\\/2020\\\/11\\\/GAEC-de-Reilhac.png\",\"contentUrl\":\"https:\\\/\\\/www.lactalisfeed.fr\\\/wp-content\\\/uploads\\\/2020\\\/11\\\/GAEC-de-Reilhac.png\",\"width\":753,\"height\":520,\"caption\":\"Gaec de reilhac\"},{\"@type\":\"BreadcrumbList\",\"@id\":\"https:\\\/\\\/www.lactalisfeed.fr\\\/de\\\/comment-allonger-la-duree-de-vie-productive-de-vos-vaches\\\/#breadcrumb\",\"itemListElement\":[{\"@type\":\"ListItem\",\"position\":1,\"name\":\"Accueil\",\"item\":\"https:\\\/\\\/www.lactalisfeed.fr\\\/de\\\/\"},{\"@type\":\"ListItem\",\"position\":2,\"name\":\"Wie Sie die produktive Lebenszeit Ihrer K\u00fche verl\u00e4ngern k\u00f6nnen\"}]},{\"@type\":\"WebSite\",\"@id\":\"https:\\\/\\\/www.lactalisfeed.fr\\\/de\\\/#website\",\"url\":\"https:\\\/\\\/www.lactalisfeed.fr\\\/de\\\/\",\"name\":\"Eurovo\",\"description\":\"Nourrir votre croissance\",\"potentialAction\":[{\"@type\":\"SearchAction\",\"target\":{\"@type\":\"EntryPoint\",\"urlTemplate\":\"https:\\\/\\\/www.lactalisfeed.fr\\\/de\\\/?s={search_term_string}\"},\"query-input\":{\"@type\":\"PropertyValueSpecification\",\"valueRequired\":true,\"valueName\":\"search_term_string\"}}],\"inLanguage\":\"de-DE\"},{\"@type\":\"Person\",\"@id\":\"https:\\\/\\\/www.lactalisfeed.fr\\\/de\\\/#\\\/schema\\\/person\\\/c3e2977d853f223eff81140c1071087f\",\"name\":\"Sofiane\",\"image\":{\"@type\":\"ImageObject\",\"inLanguage\":\"de-DE\",\"@id\":\"https:\\\/\\\/secure.gravatar.com\\\/avatar\\\/fbccac68d3f190942e1be5d43720a62f634adcebea523aa5189d5bc066f364a3?s=96&d=mm&r=g\",\"url\":\"https:\\\/\\\/secure.gravatar.com\\\/avatar\\\/fbccac68d3f190942e1be5d43720a62f634adcebea523aa5189d5bc066f364a3?s=96&d=mm&r=g\",\"contentUrl\":\"https:\\\/\\\/secure.gravatar.com\\\/avatar\\\/fbccac68d3f190942e1be5d43720a62f634adcebea523aa5189d5bc066f364a3?s=96&d=mm&r=g\",\"caption\":\"Sofiane\"},\"url\":\"https:\\\/\\\/www.lactalisfeed.fr\\\/de\\\/author\\\/s-mahoic\\\/\"}]}<\/script>\n<!-- \/ Yoast SEO plugin. -->","yoast_head_json":{"title":"Wie Sie die produktive Lebenszeit Ihrer K\u00fche verl\u00e4ngern k\u00f6nnen - Eurovo","description":"Comment allonger la dur\u00e9e de vie productive de vos vaches.","robots":{"index":"index","follow":"follow","max-snippet":"max-snippet:-1","max-image-preview":"max-image-preview:large","max-video-preview":"max-video-preview:-1"},"canonical":"https:\/\/www.lactalisfeed.fr\/de\/comment-allonger-la-duree-de-vie-productive-de-vos-vaches\/","og_locale":"de_DE","og_type":"article","og_title":"Wie Sie die produktive Lebenszeit Ihrer K\u00fche verl\u00e4ngern k\u00f6nnen - Eurovo","og_description":"Comment allonger la dur\u00e9e de vie productive de vos vaches.","og_url":"https:\/\/www.lactalisfeed.fr\/de\/comment-allonger-la-duree-de-vie-productive-de-vos-vaches\/","og_site_name":"Eurovo","article_published_time":"2020-11-12T13:27:26+00:00","article_modified_time":"2021-02-03T10:09:58+00:00","og_image":[{"width":753,"height":520,"url":"https:\/\/www.lactalisfeed.fr\/wp-content\/uploads\/2020\/11\/GAEC-de-Reilhac.png","type":"image\/png"}],"author":"Sofiane","twitter_card":"summary_large_image","twitter_misc":{"Written by":"Sofiane","Est. reading time":"1 minute"},"schema":{"@context":"https:\/\/schema.org","@graph":[{"@type":"Article","@id":"https:\/\/www.lactalisfeed.fr\/de\/comment-allonger-la-duree-de-vie-productive-de-vos-vaches\/#article","isPartOf":{"@id":"https:\/\/www.lactalisfeed.fr\/de\/comment-allonger-la-duree-de-vie-productive-de-vos-vaches\/"},"author":{"name":"Sofiane","@id":"https:\/\/www.lactalisfeed.fr\/de\/#\/schema\/person\/c3e2977d853f223eff81140c1071087f"},"headline":"Wie Sie die produktive Lebenszeit Ihrer K\u00fche verl\u00e4ngern k\u00f6nnen","datePublished":"2020-11-12T13:27:26+00:00","dateModified":"2021-02-03T10:09:58+00:00","mainEntityOfPage":{"@id":"https:\/\/www.lactalisfeed.fr\/de\/comment-allonger-la-duree-de-vie-productive-de-vos-vaches\/"},"wordCount":55,"commentCount":0,"image":{"@id":"https:\/\/www.lactalisfeed.fr\/de\/comment-allonger-la-duree-de-vie-productive-de-vos-vaches\/#primaryimage"},"thumbnailUrl":"https:\/\/www.lactalisfeed.fr\/wp-content\/uploads\/2020\/11\/GAEC-de-Reilhac.png","articleSection":["Produkte","Reportage"],"inLanguage":"de-DE","potentialAction":[{"@type":"CommentAction","name":"Comment","target":["https:\/\/www.lactalisfeed.fr\/de\/comment-allonger-la-duree-de-vie-productive-de-vos-vaches\/#respond"]}]},{"@type":"WebPage","@id":"https:\/\/www.lactalisfeed.fr\/de\/comment-allonger-la-duree-de-vie-productive-de-vos-vaches\/","url":"https:\/\/www.lactalisfeed.fr\/de\/comment-allonger-la-duree-de-vie-productive-de-vos-vaches\/","name":"Wie Sie die produktive Lebenszeit Ihrer K\u00fche verl\u00e4ngern k\u00f6nnen - Eurovo","isPartOf":{"@id":"https:\/\/www.lactalisfeed.fr\/de\/#website"},"primaryImageOfPage":{"@id":"https:\/\/www.lactalisfeed.fr\/de\/comment-allonger-la-duree-de-vie-productive-de-vos-vaches\/#primaryimage"},"image":{"@id":"https:\/\/www.lactalisfeed.fr\/de\/comment-allonger-la-duree-de-vie-productive-de-vos-vaches\/#primaryimage"},"thumbnailUrl":"https:\/\/www.lactalisfeed.fr\/wp-content\/uploads\/2020\/11\/GAEC-de-Reilhac.png","datePublished":"2020-11-12T13:27:26+00:00","dateModified":"2021-02-03T10:09:58+00:00","author":{"@id":"https:\/\/www.lactalisfeed.fr\/de\/#\/schema\/person\/c3e2977d853f223eff81140c1071087f"},"description":"Comment allonger la dur\u00e9e de vie productive de vos vaches.","breadcrumb":{"@id":"https:\/\/www.lactalisfeed.fr\/de\/comment-allonger-la-duree-de-vie-productive-de-vos-vaches\/#breadcrumb"},"inLanguage":"de-DE","potentialAction":[{"@type":"ReadAction","target":["https:\/\/www.lactalisfeed.fr\/de\/comment-allonger-la-duree-de-vie-productive-de-vos-vaches\/"]}]},{"@type":"ImageObject","inLanguage":"de-DE","@id":"https:\/\/www.lactalisfeed.fr\/de\/comment-allonger-la-duree-de-vie-productive-de-vos-vaches\/#primaryimage","url":"https:\/\/www.lactalisfeed.fr\/wp-content\/uploads\/2020\/11\/GAEC-de-Reilhac.png","contentUrl":"https:\/\/www.lactalisfeed.fr\/wp-content\/uploads\/2020\/11\/GAEC-de-Reilhac.png","width":753,"height":520,"caption":"Gaec de reilhac"},{"@type":"BreadcrumbList","@id":"https:\/\/www.lactalisfeed.fr\/de\/comment-allonger-la-duree-de-vie-productive-de-vos-vaches\/#breadcrumb","itemListElement":[{"@type":"ListItem","position":1,"name":"Accueil","item":"https:\/\/www.lactalisfeed.fr\/de\/"},{"@type":"ListItem","position":2,"name":"Wie Sie die produktive Lebenszeit Ihrer K\u00fche verl\u00e4ngern k\u00f6nnen"}]},{"@type":"WebSite","@id":"https:\/\/www.lactalisfeed.fr\/de\/#website","url":"https:\/\/www.lactalisfeed.fr\/de\/","name":"Eurovo","description":"Nourrir votre croissance","potentialAction":[{"@type":"SearchAction","target":{"@type":"EntryPoint","urlTemplate":"https:\/\/www.lactalisfeed.fr\/de\/?s={search_term_string}"},"query-input":{"@type":"PropertyValueSpecification","valueRequired":true,"valueName":"search_term_string"}}],"inLanguage":"de-DE"},{"@type":"Person","@id":"https:\/\/www.lactalisfeed.fr\/de\/#\/schema\/person\/c3e2977d853f223eff81140c1071087f","name":"Sofiane","image":{"@type":"ImageObject","inLanguage":"de-DE","@id":"https:\/\/secure.gravatar.com\/avatar\/fbccac68d3f190942e1be5d43720a62f634adcebea523aa5189d5bc066f364a3?s=96&d=mm&r=g","url":"https:\/\/secure.gravatar.com\/avatar\/fbccac68d3f190942e1be5d43720a62f634adcebea523aa5189d5bc066f364a3?s=96&d=mm&r=g","contentUrl":"https:\/\/secure.gravatar.com\/avatar\/fbccac68d3f190942e1be5d43720a62f634adcebea523aa5189d5bc066f364a3?s=96&d=mm&r=g","caption":"Sofiane"},"url":"https:\/\/www.lactalisfeed.fr\/de\/author\/s-mahoic\/"}]}},"_links":{"self":[{"href":"https:\/\/www.lactalisfeed.fr\/de\/wp-json\/wp\/v2\/posts\/2583","targetHints":{"allow":["GET"]}}],"collection":[{"href":"https:\/\/www.lactalisfeed.fr\/de\/wp-json\/wp\/v2\/posts"}],"about":[{"href":"https:\/\/www.lactalisfeed.fr\/de\/wp-json\/wp\/v2\/types\/post"}],"author":[{"embeddable":true,"href":"https:\/\/www.lactalisfeed.fr\/de\/wp-json\/wp\/v2\/users\/2"}],"replies":[{"embeddable":true,"href":"https:\/\/www.lactalisfeed.fr\/de\/wp-json\/wp\/v2\/comments?post=2583"}],"version-history":[{"count":1,"href":"https:\/\/www.lactalisfeed.fr\/de\/wp-json\/wp\/v2\/posts\/2583\/revisions"}],"predecessor-version":[{"id":2596,"href":"https:\/\/www.lactalisfeed.fr\/de\/wp-json\/wp\/v2\/posts\/2583\/revisions\/2596"}],"wp:featuredmedia":[{"embeddable":true,"href":"https:\/\/www.lactalisfeed.fr\/de\/wp-json\/wp\/v2\/media\/1949"}],"wp:attachment":[{"href":"https:\/\/www.lactalisfeed.fr\/de\/wp-json\/wp\/v2\/media?parent=2583"}],"wp:term":[{"taxonomy":"category","embeddable":true,"href":"https:\/\/www.lactalisfeed.fr\/de\/wp-json\/wp\/v2\/categories?post=2583"},{"taxonomy":"post_tag","embeddable":true,"href":"https:\/\/www.lactalisfeed.fr\/de\/wp-json\/wp\/v2\/tags?post=2583"}],"curies":[{"name":"wp","href":"https:\/\/api.w.org\/{rel}","templated":true}]}}